{"id":1560,"date":"2010-05-29T03:20:37","date_gmt":"2010-05-29T01:20:37","guid":{"rendered":"http:\/\/www.sabolc.com\/blog\/?p=1560"},"modified":"2010-09-23T05:52:49","modified_gmt":"2010-09-23T03:52:49","slug":"%e4%b8%8a%e9%ab%98%e5%9c%b0%e3%80%80kamikocsi","status":"publish","type":"post","link":"https:\/\/sabolc.com\/blog\/%e4%b8%8a%e9%ab%98%e5%9c%b0%e3%80%80kamikocsi\/","title":{"rendered":"\u4e0a\u9ad8\u5730\u3000(Kamik\u00f3csi)"},"content":{"rendered":"<p><a href=\"http:\/\/en.wikipedia.org\/wiki\/Kamik%C5%8Dchi\" target=\"_blank\">Kamik\u00f3csi<\/a> nekem kicsit felem\u00e1s \u00e9lm\u00e9ny; ha Nagan\u00f3ban lakik az ember, aff\u00e9le k\u00f6telez\u0151en megn\u00e9zend\u0151 l\u00e1tv\u00e1nyoss\u00e1g (b\u00e1r enn\u00e9l sokkal messzebbr\u0151l is j\u00f6nnek), ennek megfelel\u0151en azt\u00e1n iszony\u00fa hord\u00e1k k\u00e9pesek idel\u00e1togatni; ugyanakkor meg az a helyzet, hogy t\u00e9nyleg d\u00f6bbenetesen sz\u00e9p, k\u00fcl\u00f6n\u00f6sen, ha s\u00fct a nap.<\/p>\n<p><a href=\"http:\/\/www.sabolc.com\/blog\/wp-content\/Taishoike-panorama.jpg\"><img loading=\"lazy\" decoding=\"async\" class=\"aligncenter size-medium wp-image-1561\" title=\"Taishoike panorama\" src=\"http:\/\/www.sabolc.com\/blog\/wp-content\/Taishoike-panorama-300x53.jpg\" alt=\"\" width=\"300\" height=\"53\" srcset=\"https:\/\/sabolc.com\/blog\/wp-content\/Taishoike-panorama-300x53.jpg 300w, https:\/\/sabolc.com\/blog\/wp-content\/Taishoike-panorama-1023x181.jpg 1023w\" sizes=\"auto, (max-width: 300px) 100vw, 300px\" \/><\/a><\/p>\n<p>Ez volt az \u00f6t\u00f6dik alkalom, hogy itt j\u00e1rtam: eddig 2:2 volt az eredm\u00e9ny a &#8220;busszal j\u00f6v\u00fcnk fel&#8221; \u00e9s a &#8220;felbicikliztem Macumot\u00f3b\u00f3l&#8221; k\u00f6z\u00f6tt, sajnos, most eld\u0151lt a buszok jav\u00e1ra (\u00fagyhogy legk\u00f6zelebb megint biciklivel kell majd).<\/p>\n<p><a href=\"http:\/\/www.sabolc.com\/blog\/wp-content\/1134-Still-life-at-Kamikochi.jpg\"><img loading=\"lazy\" decoding=\"async\" class=\"aligncenter size-medium wp-image-1566\" title=\"1134 - Still life at Kamikochi\" src=\"http:\/\/www.sabolc.com\/blog\/wp-content\/1134-Still-life-at-Kamikochi-300x199.jpg\" alt=\"\" width=\"300\" height=\"199\" srcset=\"https:\/\/sabolc.com\/blog\/wp-content\/1134-Still-life-at-Kamikochi-300x199.jpg 300w, https:\/\/sabolc.com\/blog\/wp-content\/1134-Still-life-at-Kamikochi.jpg 1024w\" sizes=\"auto, (max-width: 300px) 100vw, 300px\" \/><\/a><\/p>\n<p>Na, a l\u00e9nyeg, hogy ez a Kamik\u00f3csi egy nem t\u00fal nagy, de fenns\u00edk a Jap\u00e1n Alpokban, olyan 1400-1600 m\u00e9ter magasan; annyira lapos, hogy nemcsak foly\u00f3 van a v\u00f6lgyben, hanem eg\u00e9szen meg is \u00e1ll a v\u00edz n\u00e9h\u00e1ny kis tavacsk\u00e1ban; \u00e9s h\u00e1t szerencs\u00e9re fel\u00e9rt\u00e9k \u00e9sszel, hogy j\u00f3 az ilyen hely, nem biztos, hogy ki k\u00e9ne v\u00e1gni az \u00f6sszes f\u00e1t (ahogy indult a dolog), \u00e9s m\u00e1ra nagyon is term\u00e9szetv\u00e9dett ter\u00fclet. P\u00e9ld\u00e1ul saj\u00e1t aut\u00f3val nem lehet felmenni, csak taxival \u00e9s turistabusszal. Mert az nyilv\u00e1n nem kipufog.<\/p>\n<p><a href=\"http:\/\/www.sabolc.com\/blog\/wp-content\/Taishoike-panorama-2.jpg\"><img loading=\"lazy\" decoding=\"async\" class=\"aligncenter size-medium wp-image-1562\" title=\"Taishoike panorama 2\" src=\"http:\/\/www.sabolc.com\/blog\/wp-content\/Taishoike-panorama-2-300x87.jpg\" alt=\"\" width=\"300\" height=\"87\" srcset=\"https:\/\/sabolc.com\/blog\/wp-content\/Taishoike-panorama-2-300x87.jpg 300w, https:\/\/sabolc.com\/blog\/wp-content\/Taishoike-panorama-2-1024x297.jpg 1024w\" sizes=\"auto, (max-width: 300px) 100vw, 300px\" \/><\/a><\/p>\n<p>Mi az erd\u0151n kereszt\u00fcl vezet\u0151 utat v\u00e1lasztottuk:<\/p>\n<p><a href=\"http:\/\/www.sabolc.com\/blog\/wp-content\/1166-In-the-forest.jpg\"><img loading=\"lazy\" decoding=\"async\" class=\"aligncenter size-medium wp-image-1567\" title=\"1166 - In the forest\" src=\"http:\/\/www.sabolc.com\/blog\/wp-content\/1166-In-the-forest-300x199.jpg\" alt=\"\" width=\"300\" height=\"199\" srcset=\"https:\/\/sabolc.com\/blog\/wp-content\/1166-In-the-forest-300x199.jpg 300w, https:\/\/sabolc.com\/blog\/wp-content\/1166-In-the-forest.jpg 1024w\" sizes=\"auto, (max-width: 300px) 100vw, 300px\" \/><\/a><\/p>\n<p>A ter\u00fclet persze nagyon sz\u00e9pen ki van \u00e9p\u00edtve, ott balra el\u0151r\u00e9bb n\u00e9h\u00e1ny sz\u00e1lloda meg fogad\u00f3 is van, m\u00e9g sokkal el\u0151r\u00e9bb meg ak\u00e1r kempingezni is lehet.<\/p>\n<p><a href=\"http:\/\/www.sabolc.com\/blog\/wp-content\/1187-Azusagawa.jpg\"><img loading=\"lazy\" decoding=\"async\" class=\"aligncenter size-medium wp-image-1568\" title=\"1187 - Azusagawa\" src=\"http:\/\/www.sabolc.com\/blog\/wp-content\/1187-Azusagawa-300x199.jpg\" alt=\"\" width=\"300\" height=\"199\" srcset=\"https:\/\/sabolc.com\/blog\/wp-content\/1187-Azusagawa-300x199.jpg 300w, https:\/\/sabolc.com\/blog\/wp-content\/1187-Azusagawa.jpg 1024w\" sizes=\"auto, (max-width: 300px) 100vw, 300px\" \/><\/a><\/p>\n<p>A k\u00e9pen l\u00e1that\u00f3 foly\u00f3 Azusagawa n\u00e9vre hallgat, itt eg\u00e9szen bar\u00e1ts\u00e1gos (b\u00e1r folyik az rendesen), de lejjebb h\u00e1rom g\u00e1t is \u00e9p\u00fclt r\u00e1 (az egyik eg\u00e9szen hatalmas). Maga az \u00fat is az Azusagawa ment\u00e9n kanyarog fel Kamik\u00f3csiba, vagy 30 kilom\u00e9ter hosszan. Itt egy \u00fajabb k\u00eds\u00e9rlet holmi panor\u00e1mak\u00e9pre, m\u00e9rs\u00e9kelt sikerrrel:<\/p>\n<p><a href=\"http:\/\/www.sabolc.com\/blog\/wp-content\/Azusagawa-panorama.jpg\"><img loading=\"lazy\" decoding=\"async\" class=\"aligncenter size-medium wp-image-1563\" title=\"Azusagawa panorama\" src=\"http:\/\/www.sabolc.com\/blog\/wp-content\/Azusagawa-panorama-300x92.jpg\" alt=\"\" width=\"300\" height=\"92\" srcset=\"https:\/\/sabolc.com\/blog\/wp-content\/Azusagawa-panorama-300x92.jpg 300w, https:\/\/sabolc.com\/blog\/wp-content\/Azusagawa-panorama-1023x314.jpg 1023w, https:\/\/sabolc.com\/blog\/wp-content\/Azusagawa-panorama.jpg 1894w\" sizes=\"auto, (max-width: 300px) 100vw, 300px\" \/><\/a><\/p>\n<p>Ez csak kicsit panor\u00e1ma, viszont t\u00e9nyleg ilyen sz\u00ednek vannak itt fent:<\/p>\n<p><a href=\"http:\/\/www.sabolc.com\/blog\/wp-content\/Kappabashi-panorama.jpg\"><img loading=\"lazy\" decoding=\"async\" class=\"aligncenter size-medium wp-image-1564\" title=\"Kappabashi panorama\" src=\"http:\/\/www.sabolc.com\/blog\/wp-content\/Kappabashi-panorama-300x121.jpg\" alt=\"\" width=\"300\" height=\"121\" srcset=\"https:\/\/sabolc.com\/blog\/wp-content\/Kappabashi-panorama-300x121.jpg 300w, https:\/\/sabolc.com\/blog\/wp-content\/Kappabashi-panorama-1024x415.jpg 1024w, https:\/\/sabolc.com\/blog\/wp-content\/Kappabashi-panorama.jpg 1520w\" sizes=\"auto, (max-width: 300px) 100vw, 300px\" \/><\/a><\/p>\n<p>Kamik\u00f3csir\u00f3l egy\u00e9bk\u00e9nt az al\u00e1bbihoz hasonl\u00f3 k\u00e9peket szoktak a leggyakrabban k\u00e9sz\u00edteni: \u00e1ll az ember a Kappa-basi nev\u0171 h\u00eddon, \u00e9s f\u00e9nyk\u00e9pezi a Hotaka nev\u0171 hegyet:<\/p>\n<p><a href=\"http:\/\/www.sabolc.com\/blog\/wp-content\/Kappabashi-panorama-2.jpg\"><img loading=\"lazy\" decoding=\"async\" class=\"aligncenter size-medium wp-image-1565\" title=\"Kappabashi panorama 2\" src=\"http:\/\/www.sabolc.com\/blog\/wp-content\/Kappabashi-panorama-2-300x117.jpg\" alt=\"\" width=\"300\" height=\"117\" srcset=\"https:\/\/sabolc.com\/blog\/wp-content\/Kappabashi-panorama-2-300x117.jpg 300w, https:\/\/sabolc.com\/blog\/wp-content\/Kappabashi-panorama-2-1024x401.jpg 1024w, https:\/\/sabolc.com\/blog\/wp-content\/Kappabashi-panorama-2.jpg 1586w\" sizes=\"auto, (max-width: 300px) 100vw, 300px\" \/><\/a><\/p>\n<p>\u00c9n r\u00e9gen egyszer felbicikliz\u00e9s ut\u00e1n megpr\u00f3b\u00e1ltam feljutni a szemk\u00f6zti hegyre, \u00fagy f\u00e9lig siker\u00fclt is&#8230; k\u00e9t \u00f3ra alatt n\u00e9gy kilom\u00e9tert. Azt\u00e1n musz\u00e1j volt visszafordulni, hogy m\u00e9g aznap haza\u00e9rjek.<\/p>\n<p>Ma egy\u00e9bk\u00e9nt rendesen betartottak a helyiek. Felt\u0171nt, hogy milyen irt\u00f3zatos t\u00f6meg van a Kappa-basin\u00e1l, azt\u00e1n kider\u00fclt, hogy egy ilyen csapat \u00fcld\u00f6g\u00e9l ott:<\/p>\n<p><a href=\"http:\/\/www.sabolc.com\/blog\/wp-content\/1210-Hagyomanyorzok.jpg\"><img loading=\"lazy\" decoding=\"async\" class=\"aligncenter size-medium wp-image-1569\" title=\"1210 - Hagyomanyorzok\" src=\"http:\/\/www.sabolc.com\/blog\/wp-content\/1210-Hagyomanyorzok-300x199.jpg\" alt=\"\" width=\"300\" height=\"199\" srcset=\"https:\/\/sabolc.com\/blog\/wp-content\/1210-Hagyomanyorzok-300x199.jpg 300w, https:\/\/sabolc.com\/blog\/wp-content\/1210-Hagyomanyorzok.jpg 1024w\" sizes=\"auto, (max-width: 300px) 100vw, 300px\" \/><\/a><\/p>\n<p>Na, kis sz\u00f6vegel\u00e9s ut\u00e1n (valami hagyom\u00e1ny\u0151rz\u0151 csoport, id\u00e9n m\u00e1sodik \u00e9vben l\u00e9pnek fel, \u00e9s most el\u0151adnak valami, m\u00e9g a Nara-korszakban (i.sz. 700 k\u00f6r\u00fcl) szerzett dalt) r\u00e1zend\u00edtettek valami \u00e9sztveszejt\u0151 macskazen\u00e9re. Gyermekkorom egyik meghat\u00e1roz\u00f3 \u00e9lm\u00e9nye volt <em>Lester del Rey: A sz\u00f6kev\u00e9ny robot <\/em>c. fantasztikus gyermekreg\u00e9nye, na, abban van sz\u00f3 valami v\u00e9nuszi k\u0151ev\u0151 t\u00f6rzs dal\u00e1r\u00f3l, \u00e9s ott sz\u00f3l be a narr\u00e1tor, hogy &#8220;szerinte a k\u0151 \u00e9ppen megfekhette a gyomrukat&#8221;.<\/p>\n<p>B\u00facs\u00faz\u00f3ul m\u00e9g egy k\u00e9p Jap\u00e1n fajlagosan legdr\u00e1g\u00e1bb vonat\u00e1r\u00f3l (a busz csak Sinsimasima \u00e1llom\u00e1st\u00f3l megy fel Kamik\u00f3csiba, addig vonattal kell menni, 760 yen\u00e9rt valami 12 kilom\u00e9tert).<\/p>\n<p><a href=\"http:\/\/www.sabolc.com\/blog\/wp-content\/1232-The-most-expensive-train-in-Japan.jpg\"><img loading=\"lazy\" decoding=\"async\" class=\"aligncenter size-medium wp-image-1570\" title=\"1232 - The most expensive train in Japan\" src=\"http:\/\/www.sabolc.com\/blog\/wp-content\/1232-The-most-expensive-train-in-Japan-300x199.jpg\" alt=\"\" width=\"300\" height=\"199\" srcset=\"https:\/\/sabolc.com\/blog\/wp-content\/1232-The-most-expensive-train-in-Japan-300x199.jpg 300w, https:\/\/sabolc.com\/blog\/wp-content\/1232-The-most-expensive-train-in-Japan.jpg 1024w\" sizes=\"auto, (max-width: 300px) 100vw, 300px\" \/><\/a><\/p>\n","protected":false},"excerpt":{"rendered":"<p>Kamik\u00f3csi nekem kicsit felem\u00e1s \u00e9lm\u00e9ny; ha Nagan\u00f3ban lakik az ember, aff\u00e9le k\u00f6telez\u0151en megn\u00e9zend\u0151 l\u00e1tv\u00e1nyoss\u00e1g (b\u00e1r enn\u00e9l sokkal messzebbr\u0151l is j\u00f6nnek), ennek megfelel\u0151en azt\u00e1n iszony\u00fa hord\u00e1k k\u00e9pesek idel\u00e1togatni; ugyanakkor meg az [&hellip;]<\/p>\n","protected":false},"author":2,"featured_media":0,"comment_status":"open","ping_status":"closed","sticky":false,"template":"","format":"standard","meta":{"footnotes":""},"categories":[11],"tags":[],"class_list":["post-1560","post","type-post","status-publish","format-standard","hentry","category-sightseeing"],"_links":{"self":[{"href":"https:\/\/sabolc.com\/blog\/wp-json\/wp\/v2\/posts\/1560","targetHints":{"allow":["GET"]}}],"collection":[{"href":"https:\/\/sabolc.com\/blog\/wp-json\/wp\/v2\/posts"}],"about":[{"href":"https:\/\/sabolc.com\/blog\/wp-json\/wp\/v2\/types\/post"}],"author":[{"embeddable":true,"href":"https:\/\/sabolc.com\/blog\/wp-json\/wp\/v2\/users\/2"}],"replies":[{"embeddable":true,"href":"https:\/\/sabolc.com\/blog\/wp-json\/wp\/v2\/comments?post=1560"}],"version-history":[{"count":0,"href":"https:\/\/sabolc.com\/blog\/wp-json\/wp\/v2\/posts\/1560\/revisions"}],"wp:attachment":[{"href":"https:\/\/sabolc.com\/blog\/wp-json\/wp\/v2\/media?parent=1560"}],"wp:term":[{"taxonomy":"category","embeddable":true,"href":"https:\/\/sabolc.com\/blog\/wp-json\/wp\/v2\/categories?post=1560"},{"taxonomy":"post_tag","embeddable":true,"href":"https:\/\/sabolc.com\/blog\/wp-json\/wp\/v2\/tags?post=1560"}],"curies":[{"name":"wp","href":"https:\/\/api.w.org\/{rel}","templated":true}]}}